{"id":969,"date":"2017-06-27T14:48:35","date_gmt":"2017-06-27T14:48:35","guid":{"rendered":"http:\/\/www.montessorivalparaiso.org\/wawauta\/?p=969"},"modified":"2018-01-19T13:40:09","modified_gmt":"2018-01-19T13:40:09","slug":"ciclos","status":"publish","type":"post","link":"https:\/\/www.montessorivalparaiso.org\/wawauta\/ciclos\/","title":{"rendered":"Ciclos"},"content":{"rendered":"<p><img loading=\"lazy\" decoding=\"async\" class=\"alignnone wp-image-970\" src=\"https:\/\/www.montessorivalparaiso.org\/wawauta\/wp-content\/uploads\/2017\/06\/Vista_EMV.jpg\" alt=\"\" width=\"500\" height=\"274\" srcset=\"https:\/\/www.montessorivalparaiso.org\/wawauta\/wp-content\/uploads\/2017\/06\/Vista_EMV.jpg 800w, https:\/\/www.montessorivalparaiso.org\/wawauta\/wp-content\/uploads\/2017\/06\/Vista_EMV-300x164.jpg 300w, https:\/\/www.montessorivalparaiso.org\/wawauta\/wp-content\/uploads\/2017\/06\/Vista_EMV-768x420.jpg 768w\" sizes=\"auto, (max-width: 500px) 100vw, 500px\" \/><\/p>\n<p>As\u00ed, a una\u00a0la velocidad impensada\u00a0ya hemos terminado nuestro primer trimestre. En estos tres meses la energ\u00eda y el inter\u00e9s por el aprendizaje de nuestros ni\u00f1@s se ha evidenciado en todo el trabajo realizado. Nuevas experiencias y desaf\u00edos que nos alientan para fortalecer nuestra comunidad Montessori.<\/p>\n<p><img loading=\"lazy\" decoding=\"async\" class=\"alignnone size-full wp-image-971\" src=\"https:\/\/www.montessorivalparaiso.org\/wawauta\/wp-content\/uploads\/2017\/06\/IMG_2326.jpg\" alt=\"\" width=\"500\" height=\"375\" srcset=\"https:\/\/www.montessorivalparaiso.org\/wawauta\/wp-content\/uploads\/2017\/06\/IMG_2326.jpg 500w, https:\/\/www.montessorivalparaiso.org\/wawauta\/wp-content\/uploads\/2017\/06\/IMG_2326-300x225.jpg 300w, https:\/\/www.montessorivalparaiso.org\/wawauta\/wp-content\/uploads\/2017\/06\/IMG_2326-150x113.jpg 150w\" sizes=\"auto, (max-width: 500px) 100vw, 500px\" \/><\/p>\n<p>Hace pocos d\u00edas celebramos la llegada del invierno en una peque\u00f1a ceremonia donde Casa de Ni\u00f1os\/Wawa Uta y Taller compartieron conjuntamente nuestro We Tripantu. Esta fue la \u00faltima actividad en la que particip\u00f3 nuestra directora Vanessa V\u00e1squez G. qui\u00e9n retom\u00f3 su formaci\u00f3n como Gu\u00eda 6-12 a\u00f1os AMI (Asociaci\u00f3n Montessori Internacional) en el\u00a0<a href=\"http:\/\/www.cursosmontessori.com\/ES\" target=\"_blank\" rel=\"noopener noreferrer\">Montessori-Palau International Research &amp; Training Center (MIRTC),<\/a> Girona, Espa\u00f1a. Esperamos su regreso\u00a0para mediados de agosto. Quedan pocas semanas para el merecido descanso invernal que se inicia el 10 de julio, deseamos\u00a0que esos d\u00edas puedan disfrutar y compartir\u00a0en familia.<\/p>\n<p><a href=\"https:\/\/www.montessorivalparaiso.org\/wawauta\/wp-content\/uploads\/2017\/06\/IMG_2413.jpg\"><img loading=\"lazy\" decoding=\"async\" class=\"alignnone size-full wp-image-975\" src=\"https:\/\/www.montessorivalparaiso.org\/wawauta\/wp-content\/uploads\/2017\/06\/IMG_2413.jpg\" alt=\"\" width=\"500\" height=\"281\" srcset=\"https:\/\/www.montessorivalparaiso.org\/wawauta\/wp-content\/uploads\/2017\/06\/IMG_2413.jpg 500w, https:\/\/www.montessorivalparaiso.org\/wawauta\/wp-content\/uploads\/2017\/06\/IMG_2413-300x169.jpg 300w\" sizes=\"auto, (max-width: 500px) 100vw, 500px\" \/><\/a><\/p>\n","protected":false},"excerpt":{"rendered":"<p>As\u00ed, a una\u00a0la velocidad impensada\u00a0ya hemos terminado nuestro primer trimestre. En estos tres meses la energ\u00eda y el inter\u00e9s por el aprendizaje de nuestros ni\u00f1@s se ha evidenciado en todo el trabajo realizado. Nuevas experiencias y desaf\u00edos que nos alientan para fortalecer nuestra comunidad Montessori.&nbsp;<a href=\"https:\/\/www.montessorivalparaiso.org\/wawauta\/ciclos\/\">&hellip;<\/a><\/p>\n","protected":false},"author":2,"featured_media":971,"comment_status":"open","ping_status":"open","sticky":false,"template":"","format":"standard","meta":{"footnotes":""},"categories":[1],"tags":[],"class_list":["post-969","post","type-post","status-publish","format-standard","has-post-thumbnail","hentry","category-general","odd"],"_links":{"self":[{"href":"https:\/\/www.montessorivalparaiso.org\/wawauta\/wp-json\/wp\/v2\/posts\/969","targetHints":{"allow":["GET"]}}],"collection":[{"href":"https:\/\/www.montessorivalparaiso.org\/wawauta\/wp-json\/wp\/v2\/posts"}],"about":[{"href":"https:\/\/www.montessorivalparaiso.org\/wawauta\/wp-json\/wp\/v2\/types\/post"}],"author":[{"embeddable":true,"href":"https:\/\/www.montessorivalparaiso.org\/wawauta\/wp-json\/wp\/v2\/users\/2"}],"replies":[{"embeddable":true,"href":"https:\/\/www.montessorivalparaiso.org\/wawauta\/wp-json\/wp\/v2\/comments?post=969"}],"version-history":[{"count":0,"href":"https:\/\/www.montessorivalparaiso.org\/wawauta\/wp-json\/wp\/v2\/posts\/969\/revisions"}],"wp:featuredmedia":[{"embeddable":true,"href":"https:\/\/www.montessorivalparaiso.org\/wawauta\/wp-json\/wp\/v2\/media\/971"}],"wp:attachment":[{"href":"https:\/\/www.montessorivalparaiso.org\/wawauta\/wp-json\/wp\/v2\/media?parent=969"}],"wp:term":[{"taxonomy":"category","embeddable":true,"href":"https:\/\/www.montessorivalparaiso.org\/wawauta\/wp-json\/wp\/v2\/categories?post=969"},{"taxonomy":"post_tag","embeddable":true,"href":"https:\/\/www.montessorivalparaiso.org\/wawauta\/wp-json\/wp\/v2\/tags?post=969"}],"curies":[{"name":"wp","href":"https:\/\/api.w.org\/{rel}","templated":true}]}}