{"id":2434,"date":"2025-10-16T21:14:22","date_gmt":"2025-10-17T00:14:22","guid":{"rendered":"https:\/\/www.montessorivalparaiso.org\/wawauta\/?p=2434"},"modified":"2025-10-16T21:18:36","modified_gmt":"2025-10-17T00:18:36","slug":"celebrando-los-quince","status":"publish","type":"post","link":"https:\/\/www.montessorivalparaiso.org\/wawauta\/celebrando-los-quince\/","title":{"rendered":"Celebrando los quince"},"content":{"rendered":"\n<p>Septiembre siempre se nos presenta como un mes de celebraciones. El inicio de la primavera, la celebraci\u00f3n de nuestra fiestas patrias y un a\u00f1o m\u00e1s de nuestra escuela.<br \/>El pasado 12 de septiembre celebramos los 15 a\u00f1os como escuela. Con cantos, bailes y rica comida. Pudimos compartir entre toda nuestra comunidad un hermoso y soleado d\u00eda.<\/p>\n\n\n\n<p>Les compartimos el registro audiovisual realizado por Pedro Pavez, Pap\u00e1 de Le\u00f3n; y las palabra de nuestra directora Vanessa V\u00e1squez.<\/p>\n\n\n\n<p>Una idea que naci\u00f3 como una necesidad familiar y se convirti\u00f3 en un proyecto colectivo:<\/p>\n\n\n\n<hr class=\"wp-block-separator has-alpha-channel-opacity\"\/>\n\n\n\n<p class=\"has-text-color has-background has-link-color wp-elements-ef3cdec7adba63cd5e03acfc61b4882f\" style=\"color:#5d676e;background-color:#f2f2d5d1\"><strong>Queridas ni\u00f1as, ni\u00f1os, ni\u00f1es. Queridas familias.&nbsp;&nbsp;<\/strong><br \/>Durante estas semanas y preparando material, hemos vuelto a mirar registros de los primeros a\u00f1os de nuestra escuela. <br \/>Qu\u00e9 emoci\u00f3n rara se siente al mirar el inicio de esta escuela. Pensar que se le dio cuerpo a una idea solo con el prop\u00f3sito, la convicci\u00f3n y la necesidad.&nbsp;&nbsp;<br \/><br \/>Junto a nuestra familia atravesamos todo tipo de dificultades y desaf\u00edos. Tambi\u00e9n gozamos de satisfacciones diarias y alegr\u00edas reconfortantes que nos dieron y dan energ\u00edas suficientes para continuar.&nbsp;<br \/>Las cosas no siempre van como uno espera, esa es la realidad. Y al mismo tiempo cada d\u00eda con todo lo que trae, es un regalo.&nbsp;<br \/><br \/>Los espacios Montessori son espacios pensados para invitar. Son ambientes que promueven la voz interior, la propia voluntad. Es que hay una persona que est\u00e1 en desarrollo y que vive un proceso muy conectado con su propia voz interior y esto se manifiesta a trav\u00e9s la elecci\u00f3n de su trabajo y de estar permanentemente reconociendo qui\u00e9n es, entendiendo d\u00f3nde est\u00e1, y c\u00f3mo toma en cuenta lo que vive, podr\u00e1 elegir su siguiente experiencia.&nbsp;<br \/><br \/>Lo que viven diariamente en el sal\u00f3n es un actuar <strong>consciente<\/strong>. Esto, les recuerdo, no est\u00e1 ligado con la productividad medible, no est\u00e1 ligado con el resultado, est\u00e1 ligado con vivir el presente, vivir presente con otros y otras.&nbsp;<br \/><br \/>La <strong>autoconstrucci\u00f3n<\/strong> que viven sus hijos, hijas, hijes tiene que ver principalmente con la validaci\u00f3n del momento que viven. Porque la autoconstrucci\u00f3n no es fruto de la comparaci\u00f3n con otros, no es estar cumpliendo con expectativas de un adulto o un plan educativo. La autoconstrucci\u00f3n est\u00e1 relacionada con c\u00f3mo me conquistan las experiencias que acumulo, c\u00f3mo disfruto, c\u00f3mo me sorprendo con lo que voy conociendo.<br \/><br \/>Pero tambi\u00e9n es importante entender la autoconstrucci\u00f3n como una vivencia colectiva, porque en un ambiente se viven muchos procesos diferenciados y en conjunto. Entonces, hay una red de colaboraci\u00f3n que le da un encuadre generoso, amoroso.<br \/>Es una autoconstrucci\u00f3n social, una autoconstrucci\u00f3n de grupo y no es solamente individual.<br \/><br \/>Esta es la raz\u00f3n por la que iniciamos hace 15 a\u00f1os este camino.&nbsp;<br \/>Por los hijos, por las hijas, por la vida.&nbsp;<br \/><br \/><strong>Gracias<\/strong> Francisca, Madison, Katherine, Montserrat, Valentina, Andr\u00e9s, Gonzalo, Mono, Javiera, Anita, Pedro, por entregarse a la tarea, vibrar y entregarse a la labor diaria.<br \/><br \/>Gracias a las familias por confiar.<\/p>\n\n\n\n<figure class=\"wp-block-image size-large\"><a href=\"https:\/\/www.youtube.com\/watch?v=SJyJNl7P_7s\" target=\"_blank\" rel=\" noreferrer noopener\"><img loading=\"lazy\" decoding=\"async\" width=\"1024\" height=\"576\" src=\"https:\/\/www.montessorivalparaiso.org\/wawauta\/wp-content\/uploads\/2025\/10\/IMG_Vinculos_Video-1024x576.png\" alt=\"\" class=\"wp-image-2435\" srcset=\"https:\/\/www.montessorivalparaiso.org\/wawauta\/wp-content\/uploads\/2025\/10\/IMG_Vinculos_Video-1024x576.png 1024w, https:\/\/www.montessorivalparaiso.org\/wawauta\/wp-content\/uploads\/2025\/10\/IMG_Vinculos_Video-300x169.png 300w, https:\/\/www.montessorivalparaiso.org\/wawauta\/wp-content\/uploads\/2025\/10\/IMG_Vinculos_Video-768x432.png 768w, https:\/\/www.montessorivalparaiso.org\/wawauta\/wp-content\/uploads\/2025\/10\/IMG_Vinculos_Video-1536x864.png 1536w, https:\/\/www.montessorivalparaiso.org\/wawauta\/wp-content\/uploads\/2025\/10\/IMG_Vinculos_Video-150x84.png 150w, https:\/\/www.montessorivalparaiso.org\/wawauta\/wp-content\/uploads\/2025\/10\/IMG_Vinculos_Video.png 1538w\" sizes=\"auto, (max-width: 1024px) 100vw, 1024px\" \/><\/a><\/figure>\n\n\n\n<hr class=\"wp-block-separator has-alpha-channel-opacity\"\/>\n\n\n\n<figure class=\"wp-block-gallery has-nested-images columns-default is-cropped wp-block-gallery-1 is-layout-flex wp-block-gallery-is-layout-flex\">\n<figure class=\"wp-block-image size-large\"><a href=\"https:\/\/www.montessorivalparaiso.org\/wawauta\/wp-content\/uploads\/2025\/10\/DSCF2175b.jpeg\"><img loading=\"lazy\" decoding=\"async\" width=\"1024\" height=\"682\" data-id=\"2439\" src=\"https:\/\/www.montessorivalparaiso.org\/wawauta\/wp-content\/uploads\/2025\/10\/DSCF2175b-1024x682.jpeg\" alt=\"\" class=\"wp-image-2439\" srcset=\"https:\/\/www.montessorivalparaiso.org\/wawauta\/wp-content\/uploads\/2025\/10\/DSCF2175b-1024x682.jpeg 1024w, https:\/\/www.montessorivalparaiso.org\/wawauta\/wp-content\/uploads\/2025\/10\/DSCF2175b-300x200.jpeg 300w, https:\/\/www.montessorivalparaiso.org\/wawauta\/wp-content\/uploads\/2025\/10\/DSCF2175b-768x512.jpeg 768w, https:\/\/www.montessorivalparaiso.org\/wawauta\/wp-content\/uploads\/2025\/10\/DSCF2175b-150x100.jpeg 150w, https:\/\/www.montessorivalparaiso.org\/wawauta\/wp-content\/uploads\/2025\/10\/DSCF2175b.jpeg 1280w\" sizes=\"auto, (max-width: 1024px) 100vw, 1024px\" \/><\/a><\/figure>\n\n\n\n<figure class=\"wp-block-image size-large\"><a href=\"https:\/\/www.montessorivalparaiso.org\/wawauta\/wp-content\/uploads\/2025\/10\/DSCF2174b.jpeg\"><img loading=\"lazy\" decoding=\"async\" width=\"682\" height=\"1024\" data-id=\"2444\" src=\"https:\/\/www.montessorivalparaiso.org\/wawauta\/wp-content\/uploads\/2025\/10\/DSCF2174b-682x1024.jpeg\" alt=\"\" class=\"wp-image-2444\" srcset=\"https:\/\/www.montessorivalparaiso.org\/wawauta\/wp-content\/uploads\/2025\/10\/DSCF2174b-682x1024.jpeg 682w, https:\/\/www.montessorivalparaiso.org\/wawauta\/wp-content\/uploads\/2025\/10\/DSCF2174b-200x300.jpeg 200w, https:\/\/www.montessorivalparaiso.org\/wawauta\/wp-content\/uploads\/2025\/10\/DSCF2174b-768x1152.jpeg 768w, https:\/\/www.montessorivalparaiso.org\/wawauta\/wp-content\/uploads\/2025\/10\/DSCF2174b-100x150.jpeg 100w, https:\/\/www.montessorivalparaiso.org\/wawauta\/wp-content\/uploads\/2025\/10\/DSCF2174b.jpeg 853w\" sizes=\"auto, (max-width: 682px) 100vw, 682px\" \/><\/a><\/figure>\n\n\n\n<figure class=\"wp-block-image size-large\"><a href=\"https:\/\/www.montessorivalparaiso.org\/wawauta\/wp-content\/uploads\/2025\/10\/DSCF2173b.jpeg\"><img loading=\"lazy\" decoding=\"async\" width=\"1024\" height=\"682\" data-id=\"2441\" src=\"https:\/\/www.montessorivalparaiso.org\/wawauta\/wp-content\/uploads\/2025\/10\/DSCF2173b-1024x682.jpeg\" alt=\"\" class=\"wp-image-2441\" srcset=\"https:\/\/www.montessorivalparaiso.org\/wawauta\/wp-content\/uploads\/2025\/10\/DSCF2173b-1024x682.jpeg 1024w, https:\/\/www.montessorivalparaiso.org\/wawauta\/wp-content\/uploads\/2025\/10\/DSCF2173b-300x200.jpeg 300w, https:\/\/www.montessorivalparaiso.org\/wawauta\/wp-content\/uploads\/2025\/10\/DSCF2173b-768x512.jpeg 768w, https:\/\/www.montessorivalparaiso.org\/wawauta\/wp-content\/uploads\/2025\/10\/DSCF2173b-150x100.jpeg 150w, https:\/\/www.montessorivalparaiso.org\/wawauta\/wp-content\/uploads\/2025\/10\/DSCF2173b.jpeg 1280w\" sizes=\"auto, (max-width: 1024px) 100vw, 1024px\" \/><\/a><\/figure>\n\n\n\n<figure class=\"wp-block-image size-large\"><a href=\"https:\/\/www.montessorivalparaiso.org\/wawauta\/wp-content\/uploads\/2025\/10\/DSCF2169b.jpeg\"><img loading=\"lazy\" decoding=\"async\" width=\"1024\" height=\"682\" data-id=\"2442\" src=\"https:\/\/www.montessorivalparaiso.org\/wawauta\/wp-content\/uploads\/2025\/10\/DSCF2169b-1024x682.jpeg\" alt=\"\" class=\"wp-image-2442\" srcset=\"https:\/\/www.montessorivalparaiso.org\/wawauta\/wp-content\/uploads\/2025\/10\/DSCF2169b-1024x682.jpeg 1024w, https:\/\/www.montessorivalparaiso.org\/wawauta\/wp-content\/uploads\/2025\/10\/DSCF2169b-300x200.jpeg 300w, https:\/\/www.montessorivalparaiso.org\/wawauta\/wp-content\/uploads\/2025\/10\/DSCF2169b-768x512.jpeg 768w, https:\/\/www.montessorivalparaiso.org\/wawauta\/wp-content\/uploads\/2025\/10\/DSCF2169b-150x100.jpeg 150w, https:\/\/www.montessorivalparaiso.org\/wawauta\/wp-content\/uploads\/2025\/10\/DSCF2169b.jpeg 1280w\" sizes=\"auto, (max-width: 1024px) 100vw, 1024px\" \/><\/a><\/figure>\n\n\n\n<figure class=\"wp-block-image size-large\"><a href=\"https:\/\/www.montessorivalparaiso.org\/wawauta\/wp-content\/uploads\/2025\/10\/DSCF2167b.jpeg\"><img loading=\"lazy\" decoding=\"async\" width=\"1024\" height=\"682\" data-id=\"2438\" src=\"https:\/\/www.montessorivalparaiso.org\/wawauta\/wp-content\/uploads\/2025\/10\/DSCF2167b-1024x682.jpeg\" alt=\"\" class=\"wp-image-2438\" srcset=\"https:\/\/www.montessorivalparaiso.org\/wawauta\/wp-content\/uploads\/2025\/10\/DSCF2167b-1024x682.jpeg 1024w, https:\/\/www.montessorivalparaiso.org\/wawauta\/wp-content\/uploads\/2025\/10\/DSCF2167b-300x200.jpeg 300w, https:\/\/www.montessorivalparaiso.org\/wawauta\/wp-content\/uploads\/2025\/10\/DSCF2167b-768x512.jpeg 768w, https:\/\/www.montessorivalparaiso.org\/wawauta\/wp-content\/uploads\/2025\/10\/DSCF2167b-150x100.jpeg 150w, https:\/\/www.montessorivalparaiso.org\/wawauta\/wp-content\/uploads\/2025\/10\/DSCF2167b.jpeg 1280w\" sizes=\"auto, (max-width: 1024px) 100vw, 1024px\" \/><\/a><\/figure>\n\n\n\n<figure class=\"wp-block-image size-large\"><a href=\"https:\/\/www.montessorivalparaiso.org\/wawauta\/wp-content\/uploads\/2025\/10\/DSCF2166bjpeg.jpeg\"><img loading=\"lazy\" decoding=\"async\" width=\"1024\" height=\"682\" data-id=\"2445\" src=\"https:\/\/www.montessorivalparaiso.org\/wawauta\/wp-content\/uploads\/2025\/10\/DSCF2166bjpeg-1024x682.jpeg\" alt=\"\" class=\"wp-image-2445\" srcset=\"https:\/\/www.montessorivalparaiso.org\/wawauta\/wp-content\/uploads\/2025\/10\/DSCF2166bjpeg-1024x682.jpeg 1024w, https:\/\/www.montessorivalparaiso.org\/wawauta\/wp-content\/uploads\/2025\/10\/DSCF2166bjpeg-300x200.jpeg 300w, https:\/\/www.montessorivalparaiso.org\/wawauta\/wp-content\/uploads\/2025\/10\/DSCF2166bjpeg-768x512.jpeg 768w, https:\/\/www.montessorivalparaiso.org\/wawauta\/wp-content\/uploads\/2025\/10\/DSCF2166bjpeg-150x100.jpeg 150w, https:\/\/www.montessorivalparaiso.org\/wawauta\/wp-content\/uploads\/2025\/10\/DSCF2166bjpeg.jpeg 1280w\" sizes=\"auto, (max-width: 1024px) 100vw, 1024px\" \/><\/a><\/figure>\n\n\n\n<figure class=\"wp-block-image size-large\"><a href=\"https:\/\/www.montessorivalparaiso.org\/wawauta\/wp-content\/uploads\/2025\/10\/DSCF2164b.jpeg\"><img loading=\"lazy\" decoding=\"async\" width=\"1024\" height=\"682\" data-id=\"2440\" src=\"https:\/\/www.montessorivalparaiso.org\/wawauta\/wp-content\/uploads\/2025\/10\/DSCF2164b-1024x682.jpeg\" alt=\"\" class=\"wp-image-2440\" srcset=\"https:\/\/www.montessorivalparaiso.org\/wawauta\/wp-content\/uploads\/2025\/10\/DSCF2164b-1024x682.jpeg 1024w, https:\/\/www.montessorivalparaiso.org\/wawauta\/wp-content\/uploads\/2025\/10\/DSCF2164b-300x200.jpeg 300w, https:\/\/www.montessorivalparaiso.org\/wawauta\/wp-content\/uploads\/2025\/10\/DSCF2164b-768x512.jpeg 768w, https:\/\/www.montessorivalparaiso.org\/wawauta\/wp-content\/uploads\/2025\/10\/DSCF2164b-150x100.jpeg 150w, https:\/\/www.montessorivalparaiso.org\/wawauta\/wp-content\/uploads\/2025\/10\/DSCF2164b.jpeg 1280w\" sizes=\"auto, (max-width: 1024px) 100vw, 1024px\" \/><\/a><\/figure>\n\n\n\n<figure class=\"wp-block-image size-large\"><a href=\"https:\/\/www.montessorivalparaiso.org\/wawauta\/wp-content\/uploads\/2025\/10\/DSCF2172b.jpeg\"><img loading=\"lazy\" decoding=\"async\" width=\"1024\" height=\"682\" data-id=\"2446\" src=\"https:\/\/www.montessorivalparaiso.org\/wawauta\/wp-content\/uploads\/2025\/10\/DSCF2172b-1024x682.jpeg\" alt=\"\" class=\"wp-image-2446\" srcset=\"https:\/\/www.montessorivalparaiso.org\/wawauta\/wp-content\/uploads\/2025\/10\/DSCF2172b-1024x682.jpeg 1024w, https:\/\/www.montessorivalparaiso.org\/wawauta\/wp-content\/uploads\/2025\/10\/DSCF2172b-300x200.jpeg 300w, https:\/\/www.montessorivalparaiso.org\/wawauta\/wp-content\/uploads\/2025\/10\/DSCF2172b-768x512.jpeg 768w, https:\/\/www.montessorivalparaiso.org\/wawauta\/wp-content\/uploads\/2025\/10\/DSCF2172b-150x100.jpeg 150w, https:\/\/www.montessorivalparaiso.org\/wawauta\/wp-content\/uploads\/2025\/10\/DSCF2172b.jpeg 1280w\" sizes=\"auto, (max-width: 1024px) 100vw, 1024px\" \/><\/a><\/figure>\n<\/figure>\n\n\n\n<p><\/p>\n","protected":false},"excerpt":{"rendered":"<p>Septiembre siempre se nos presenta como un mes de celebraciones. El inicio de la primavera, la celebraci\u00f3n de nuestra fiestas patrias y un a\u00f1o m\u00e1s de nuestra escuela.El pasado 12 de septiembre celebramos los 15 a\u00f1os como escuela. Con cantos, bailes y rica comida. Pudimos&nbsp;<a href=\"https:\/\/www.montessorivalparaiso.org\/wawauta\/celebrando-los-quince\/\">&hellip;<\/a><\/p>\n","protected":false},"author":2,"featured_media":2437,"comment_status":"closed","ping_status":"closed","sticky":false,"template":"","format":"standard","meta":{"footnotes":""},"categories":[1],"tags":[43,45,28,76,60],"class_list":["post-2434","post","type-post","status-publish","format-standard","has-post-thumbnail","hentry","category-general","tag-aniversario","tag-celebracion","tag-montessori","tag-primavera","tag-valparaiso","odd"],"_links":{"self":[{"href":"https:\/\/www.montessorivalparaiso.org\/wawauta\/wp-json\/wp\/v2\/posts\/2434","targetHints":{"allow":["GET"]}}],"collection":[{"href":"https:\/\/www.montessorivalparaiso.org\/wawauta\/wp-json\/wp\/v2\/posts"}],"about":[{"href":"https:\/\/www.montessorivalparaiso.org\/wawauta\/wp-json\/wp\/v2\/types\/post"}],"author":[{"embeddable":true,"href":"https:\/\/www.montessorivalparaiso.org\/wawauta\/wp-json\/wp\/v2\/users\/2"}],"replies":[{"embeddable":true,"href":"https:\/\/www.montessorivalparaiso.org\/wawauta\/wp-json\/wp\/v2\/comments?post=2434"}],"version-history":[{"count":0,"href":"https:\/\/www.montessorivalparaiso.org\/wawauta\/wp-json\/wp\/v2\/posts\/2434\/revisions"}],"wp:featuredmedia":[{"embeddable":true,"href":"https:\/\/www.montessorivalparaiso.org\/wawauta\/wp-json\/wp\/v2\/media\/2437"}],"wp:attachment":[{"href":"https:\/\/www.montessorivalparaiso.org\/wawauta\/wp-json\/wp\/v2\/media?parent=2434"}],"wp:term":[{"taxonomy":"category","embeddable":true,"href":"https:\/\/www.montessorivalparaiso.org\/wawauta\/wp-json\/wp\/v2\/categories?post=2434"},{"taxonomy":"post_tag","embeddable":true,"href":"https:\/\/www.montessorivalparaiso.org\/wawauta\/wp-json\/wp\/v2\/tags?post=2434"}],"curies":[{"name":"wp","href":"https:\/\/api.w.org\/{rel}","templated":true}]}}