{"id":1963,"date":"2021-12-14T15:34:44","date_gmt":"2021-12-14T18:34:44","guid":{"rendered":"http:\/\/www.montessorivalparaiso.org\/wawauta\/?p=1963"},"modified":"2021-12-14T20:33:37","modified_gmt":"2021-12-14T23:33:37","slug":"icaro-en-el-corazon-de-dedalo","status":"publish","type":"post","link":"https:\/\/www.montessorivalparaiso.org\/wawauta\/icaro-en-el-corazon-de-dedalo\/","title":{"rendered":"\u00cdcaro en el coraz\u00f3n de D\u00e9dalo"},"content":{"rendered":"\n<p>Las ense\u00f1anzas y la interpretaci\u00f3n que les ni\u00f1es hicieron sobre este cl\u00e1sico griego fue el centro de nuestra ceremonia de fin de a\u00f1o. Un a\u00f1o de idas y venidas. Donde retomamos el sentido de estar presencialmente y pudimos trabajar en nuestra voluntad para sobrellevar dificultades. <\/p>\n\n\n\n<p>Cada fin de a\u00f1o es un tiempo de reflexiones colectivas que de alguna forma nos permite definir nuevas direcciones, confirmar certezas y enmendar errores.  <\/p>\n\n\n\n<p>Este fin de a\u00f1o tuvimos despedidas emocionantes. L\u00e1grimas, intensos abrazos de todas y todos los presentes. Ni\u00f1as y ni\u00f1os a quienes celebramos sus graduaciones y despedimos sus alejamientos. Algunas y algunos despu\u00e9s de 8 a\u00f1os en nuestra Escuela. Y Charly Cerda, nuestro querido gu\u00eda de ingl\u00e9s, colega y amigo, que toma un nuevo camino. Todo muy intenso. Bueno, como siempre.<\/p>\n\n\n\n<p>Una ceremonia peque\u00f1a pero no menos emocionante en Wawa Uta, nos present\u00f3 la versatilidad y memoria de cada ni\u00f1a y ni\u00f1o personificando insectos con graciosos di\u00e1logos. Celebramos las graduaciones de quienes ingresan a Taller menor y escuchamos las reflexiones y agradecimientos de la familia Olfos Canales que reflejan el trabajo de transformaci\u00f3n que requieren los adultos conscientes para seguir al ni\u00f1o, a la ni\u00f1a.<\/p>\n\n\n\n<p>En palabras de Marcela Canales: <em>&#8220;&#8230;Que gran lecci\u00f3n nos entregaron\u00a0como Mapadres invit\u00e1ndonos a que dej\u00e1semos que las ni\u00f1as y ni\u00f1os hicieran las cosas por s\u00ed mismos, dej\u00e1ndolos despertar, observ\u00e1ndolos en sus procesos y acompa\u00f1\u00e1ndolos muchas veces en silencio&#8230;&#8221;<\/em> (<a href=\"https:\/\/www.montessorivalparaiso.org\/wawauta\/wp-content\/uploads\/2021\/12\/Despedida_Wawa_Uta_2021.pdf\" target=\"_blank\" rel=\"noreferrer noopener\">Leer texto completo<\/a>)<\/p>\n\n\n\n<p>El gran desaf\u00edo de cada familia es entender su papel como adultos preparados, adultos que aplacan sus impulsos culturales por sobre-asistir a las ni\u00f1as y ni\u00f1os en todo aquello que pueden hacer ellos y ellas por s\u00ed mismos, por s\u00ed mismas. Eso es el gran trabajo de transformaci\u00f3n.<\/p>\n\n\n\n<p>Y en busca de este mismo prop\u00f3sito de transformaci\u00f3n es que Taller menor (TaMe) y mayor (TaMa) presentaron <em>&#8220;\u00cdcaro en el coraz\u00f3n de D\u00e9dalo&#8221;<\/em>. Una adaptaci\u00f3n del cl\u00e1sico mito griego, donde el papel del padre es cuestionado a coro por las ni\u00f1as y ni\u00f1os que interpelan el rol del adulto. Cantos, bailes, vuelos rasantes y hasta una inesperada lluvia de primavera nos hicieron re\u00edr y emocionarnos.<br \/><\/p>\n\n\n\n<p>Los mejores deseos para cada integrante de nuestra peque\u00f1a y robusta comunidad Montessori. <\/p>\n\n\n\n<p>Nos vemos en marzo. <\/p>\n","protected":false},"excerpt":{"rendered":"<p>Las ense\u00f1anzas y la interpretaci\u00f3n que les ni\u00f1es hicieron sobre este cl\u00e1sico griego fue el centro de nuestra ceremonia de fin de a\u00f1o. Un a\u00f1o de idas y venidas. Donde retomamos el sentido de estar presencialmente y pudimos trabajar en nuestra voluntad para sobrellevar dificultades.&nbsp;<a href=\"https:\/\/www.montessorivalparaiso.org\/wawauta\/icaro-en-el-corazon-de-dedalo\/\">&hellip;<\/a><\/p>\n","protected":false},"author":2,"featured_media":1966,"comment_status":"closed","ping_status":"closed","sticky":false,"template":"","format":"standard","meta":{"footnotes":""},"categories":[1],"tags":[61,59,51,58,28,60],"class_list":["post-1963","post","type-post","status-publish","format-standard","has-post-thumbnail","hentry","category-general","tag-61","tag-ceremonia","tag-fin-de-ano","tag-icaro-y-dedalo","tag-montessori","tag-valparaiso","odd"],"_links":{"self":[{"href":"https:\/\/www.montessorivalparaiso.org\/wawauta\/wp-json\/wp\/v2\/posts\/1963","targetHints":{"allow":["GET"]}}],"collection":[{"href":"https:\/\/www.montessorivalparaiso.org\/wawauta\/wp-json\/wp\/v2\/posts"}],"about":[{"href":"https:\/\/www.montessorivalparaiso.org\/wawauta\/wp-json\/wp\/v2\/types\/post"}],"author":[{"embeddable":true,"href":"https:\/\/www.montessorivalparaiso.org\/wawauta\/wp-json\/wp\/v2\/users\/2"}],"replies":[{"embeddable":true,"href":"https:\/\/www.montessorivalparaiso.org\/wawauta\/wp-json\/wp\/v2\/comments?post=1963"}],"version-history":[{"count":0,"href":"https:\/\/www.montessorivalparaiso.org\/wawauta\/wp-json\/wp\/v2\/posts\/1963\/revisions"}],"wp:featuredmedia":[{"embeddable":true,"href":"https:\/\/www.montessorivalparaiso.org\/wawauta\/wp-json\/wp\/v2\/media\/1966"}],"wp:attachment":[{"href":"https:\/\/www.montessorivalparaiso.org\/wawauta\/wp-json\/wp\/v2\/media?parent=1963"}],"wp:term":[{"taxonomy":"category","embeddable":true,"href":"https:\/\/www.montessorivalparaiso.org\/wawauta\/wp-json\/wp\/v2\/categories?post=1963"},{"taxonomy":"post_tag","embeddable":true,"href":"https:\/\/www.montessorivalparaiso.org\/wawauta\/wp-json\/wp\/v2\/tags?post=1963"}],"curies":[{"name":"wp","href":"https:\/\/api.w.org\/{rel}","templated":true}]}}