{"id":1942,"date":"2021-07-12T12:15:35","date_gmt":"2021-07-12T15:15:35","guid":{"rendered":"http:\/\/www.montessorivalparaiso.org\/wawauta\/?p=1942"},"modified":"2021-07-13T08:56:01","modified_gmt":"2021-07-13T11:56:01","slug":"formacion-y-actualizacion-ami","status":"publish","type":"post","link":"https:\/\/www.montessorivalparaiso.org\/wawauta\/formacion-y-actualizacion-ami\/","title":{"rendered":"Formaci\u00f3n y actualizaci\u00f3n AMI"},"content":{"rendered":"\n<h5 class=\"wp-block-heading\">Ya hemos pasado la mitad de este a\u00f1o 2021 y la vor\u00e1gine de un semestre que nos ha obligado a transitar entre la virtualidad y las actividades presenciales, ha postergado la renovaci\u00f3n de contenido en nuestra web. Hoy retomamos con un tema muy importante para nuestra Escuela: La formaci\u00f3n Montessori. <\/h5>\n\n\n\n<p>Cuando naci\u00f3 la Escuela Montessori de Valpara\u00edso en 2010, la necesidad de contar con una formaci\u00f3n Montessori id\u00f3nea signific\u00f3 una gran tarea. Como ya lo hemos se\u00f1alado, fue gracias al apoyo de Nora Ram\u00edrez gu\u00eda Montessori chilena de 3 a 6 a\u00f1os formada en la American Montessori Society \/ AMS, qui\u00e9n nos ayud\u00f3 a iniciar esta tarea. <\/p>\n\n\n\n<p>Hemos transitado por distintos centros de formaci\u00f3n tanto en Chile como en el extranjero, recibiendo el aporte de diversas y diversos gu\u00edas y entrenadoras. Siempre con la idea de buscar una formaci\u00f3n Montessori lo m\u00e1s aut\u00e9ntica posible.<\/p>\n\n\n\n<p>Desde que nuestra directora Vanessa V\u00e1squez obtuvo el diploma de la <a rel=\"noreferrer noopener\" href=\"https:\/\/montessori-ami.org\/\" data-type=\"URL\" data-id=\"https:\/\/montessori-ami.org\/\" target=\"_blank\">Asociaci\u00f3n Montessori Internacional \/AMI<\/a> como Gu\u00eda 6-12 a\u00f1os hemos ido avanzando para que nuestra Escuela siga los lineamientos y orientaciones de AMI en todos sus niveles. En este sentido, actualmente <a href=\"https:\/\/www.montessorivalparaiso.org\/wawauta\/teachers\/camila-grimaldi\/\" data-type=\"URL\" data-id=\"https:\/\/www.montessorivalparaiso.org\/wawauta\/teachers\/camila-grimaldi\/\" target=\"_blank\" rel=\"noreferrer noopener\">Camila Grimaldi<\/a>, gu\u00eda de Taller Menor est\u00e1 cursando el segundo m\u00f3dulo de su formaci\u00f3n AMI como Gu\u00eda 6-12 a\u00f1os en el MIRTC, Girona, Espa\u00f1a. Estamos contentos de ver como Camila avanza en sus conocimientos y estamos expectantes de su regreso en septiembre pr\u00f3ximo. <\/p>\n\n\n\n<p>Al mismo tiempo, en nuestro af\u00e1n por ir actualizando nuestros conocimientos Vanessa ha terminado dos cursos de actualizaci\u00f3n para gu\u00edas AMI 6-12 a\u00f1os y un taller de introducci\u00f3n al nivel de adolescentes. Todos certificados por AMI a trav\u00e9s del Instituto Paolini de Puebla A.C; MIRTC, Girona, Espa\u00f1a y el Instituto Montessori de M\u00e9xico, A.C. respectivamente. Adem\u00e1s, en agosto pr\u00f3ximo Vanessa su finalizar\u00e1 su formaci\u00f3n como gu\u00eda 3 a 6 a\u00f1os AMI en la <a rel=\"noreferrer noopener\" href=\"https:\/\/www.fundacionmontessori.org\/\" data-type=\"URL\" data-id=\"https:\/\/www.fundacionmontessori.org\/\" target=\"_blank\">Fundaci\u00f3n Argentina Mar\u00eda Montessori, FAMM<\/a>; lo cual es una gran noticia para nuestra comunidad. Tendremos la primera gu\u00eda Montessori en Chile con formaci\u00f3n AMI en los niveles se\u00f1alados.<\/p>\n\n\n\n<p>En este sentido, es que Pedro Sep\u00falveda y Vanessa V\u00e1squez se han unido con un grupo de profesionales chilen@s para crear la <a href=\"http:\/\/www.montessorichile.org\" data-type=\"URL\" data-id=\"www.montessorichile.org\">Asociaci\u00f3n Montessori de Chile<\/a> de la cual son secretario y directora respectivamente. Es desde este lugar donde se trabaja para implementar formaci\u00f3n certificada por AMI en Chile. De esta forma esperamos poder aportar en el conocimiento de la educaci\u00f3n Montessori, desde la formaci\u00f3n gu\u00edas hasta el apoyo para familias interesadas.<\/p>\n\n\n\n<p><\/p>\n","protected":false},"excerpt":{"rendered":"<p>Ya hemos pasado la mitad de este a\u00f1o 2021 y la vor\u00e1gine de un semestre que nos ha obligado a transitar entre la virtualidad y las actividades presenciales, ha postergado la renovaci\u00f3n de contenido en nuestra web. Hoy retomamos con un tema muy importante para&nbsp;<a href=\"https:\/\/www.montessorivalparaiso.org\/wawauta\/formacion-y-actualizacion-ami\/\">&hellip;<\/a><\/p>\n","protected":false},"author":2,"featured_media":1944,"comment_status":"closed","ping_status":"closed","sticky":false,"template":"","format":"standard","meta":{"footnotes":""},"categories":[1],"tags":[21,55,31,57,56,28],"class_list":["post-1942","post","type-post","status-publish","format-standard","has-post-thumbnail","hentry","category-general","tag-ami","tag-famm","tag-formacion","tag-immac","tag-mirtc","tag-montessori","odd"],"_links":{"self":[{"href":"https:\/\/www.montessorivalparaiso.org\/wawauta\/wp-json\/wp\/v2\/posts\/1942","targetHints":{"allow":["GET"]}}],"collection":[{"href":"https:\/\/www.montessorivalparaiso.org\/wawauta\/wp-json\/wp\/v2\/posts"}],"about":[{"href":"https:\/\/www.montessorivalparaiso.org\/wawauta\/wp-json\/wp\/v2\/types\/post"}],"author":[{"embeddable":true,"href":"https:\/\/www.montessorivalparaiso.org\/wawauta\/wp-json\/wp\/v2\/users\/2"}],"replies":[{"embeddable":true,"href":"https:\/\/www.montessorivalparaiso.org\/wawauta\/wp-json\/wp\/v2\/comments?post=1942"}],"version-history":[{"count":0,"href":"https:\/\/www.montessorivalparaiso.org\/wawauta\/wp-json\/wp\/v2\/posts\/1942\/revisions"}],"wp:featuredmedia":[{"embeddable":true,"href":"https:\/\/www.montessorivalparaiso.org\/wawauta\/wp-json\/wp\/v2\/media\/1944"}],"wp:attachment":[{"href":"https:\/\/www.montessorivalparaiso.org\/wawauta\/wp-json\/wp\/v2\/media?parent=1942"}],"wp:term":[{"taxonomy":"category","embeddable":true,"href":"https:\/\/www.montessorivalparaiso.org\/wawauta\/wp-json\/wp\/v2\/categories?post=1942"},{"taxonomy":"post_tag","embeddable":true,"href":"https:\/\/www.montessorivalparaiso.org\/wawauta\/wp-json\/wp\/v2\/tags?post=1942"}],"curies":[{"name":"wp","href":"https:\/\/api.w.org\/{rel}","templated":true}]}}