{"id":1882,"date":"2020-12-26T21:38:30","date_gmt":"2020-12-27T00:38:30","guid":{"rendered":"http:\/\/www.montessorivalparaiso.org\/wawauta\/?p=1882"},"modified":"2020-12-26T21:38:32","modified_gmt":"2020-12-27T00:38:32","slug":"despedidas-y-cambios","status":"publish","type":"post","link":"https:\/\/www.montessorivalparaiso.org\/wawauta\/despedidas-y-cambios\/","title":{"rendered":"Despedidas y cambios"},"content":{"rendered":"\n<p>Y lleg\u00f3 diciembre, el momento de las despedidas, despu\u00e9s de vivir un a\u00f1o escolar \u00fanico e in\u00e9dito. <\/p>\n\n\n\n<p>Este a\u00f1o remecedor nos torsi\u00f3 las seguridades. Ante la adversidad nos sostuvimos en la flexibilidad que tambi\u00e9n se educa, se busca, se persigue. Este a\u00f1o nos adaptamos. Y en este proceso de confianza, todes son parte generosa, piezas de un conjunto \u00fanico. Agradecemos el cari\u00f1o y la persistencia de nuestrxs ni\u00f1xs y sus familias: por un a\u00f1o lleno de confianza y fortaleza.<\/p>\n\n\n\n<p>A quienes nos dejan y toman nuevos rumbos les desamos lo mejor de lo mejor.  Les deseamos Paz y conciencia para terminar este a\u00f1o y recibir el pr\u00f3ximo. El amor protege&#8230; as\u00ed no m\u00e1s.<\/p>\n\n\n\n<p>Nos vamos a un mes de descanso. Volveremos a preparar nuestro encuentro sea como venga. Esperamos lo mejor. <\/p>\n\n\n\n<p><\/p>\n","protected":false},"excerpt":{"rendered":"<p>Y lleg\u00f3 diciembre, el momento de las despedidas, despu\u00e9s de vivir un a\u00f1o escolar \u00fanico e in\u00e9dito. Este a\u00f1o remecedor nos torsi\u00f3 las seguridades. Ante la adversidad nos sostuvimos en la flexibilidad que tambi\u00e9n se educa, se busca, se persigue. Este a\u00f1o nos adaptamos. Y&nbsp;<a href=\"https:\/\/www.montessorivalparaiso.org\/wawauta\/despedidas-y-cambios\/\">&hellip;<\/a><\/p>\n","protected":false},"author":2,"featured_media":1883,"comment_status":"closed","ping_status":"closed","sticky":false,"template":"","format":"standard","meta":{"footnotes":""},"categories":[1],"tags":[52,53,51],"class_list":["post-1882","post","type-post","status-publish","format-standard","has-post-thumbnail","hentry","category-general","tag-cambios","tag-despedidas","tag-fin-de-ano","odd"],"_links":{"self":[{"href":"https:\/\/www.montessorivalparaiso.org\/wawauta\/wp-json\/wp\/v2\/posts\/1882","targetHints":{"allow":["GET"]}}],"collection":[{"href":"https:\/\/www.montessorivalparaiso.org\/wawauta\/wp-json\/wp\/v2\/posts"}],"about":[{"href":"https:\/\/www.montessorivalparaiso.org\/wawauta\/wp-json\/wp\/v2\/types\/post"}],"author":[{"embeddable":true,"href":"https:\/\/www.montessorivalparaiso.org\/wawauta\/wp-json\/wp\/v2\/users\/2"}],"replies":[{"embeddable":true,"href":"https:\/\/www.montessorivalparaiso.org\/wawauta\/wp-json\/wp\/v2\/comments?post=1882"}],"version-history":[{"count":0,"href":"https:\/\/www.montessorivalparaiso.org\/wawauta\/wp-json\/wp\/v2\/posts\/1882\/revisions"}],"wp:featuredmedia":[{"embeddable":true,"href":"https:\/\/www.montessorivalparaiso.org\/wawauta\/wp-json\/wp\/v2\/media\/1883"}],"wp:attachment":[{"href":"https:\/\/www.montessorivalparaiso.org\/wawauta\/wp-json\/wp\/v2\/media?parent=1882"}],"wp:term":[{"taxonomy":"category","embeddable":true,"href":"https:\/\/www.montessorivalparaiso.org\/wawauta\/wp-json\/wp\/v2\/categories?post=1882"},{"taxonomy":"post_tag","embeddable":true,"href":"https:\/\/www.montessorivalparaiso.org\/wawauta\/wp-json\/wp\/v2\/tags?post=1882"}],"curies":[{"name":"wp","href":"https:\/\/api.w.org\/{rel}","templated":true}]}}