{"id":1855,"date":"2020-07-28T22:13:27","date_gmt":"2020-07-29T01:13:27","guid":{"rendered":"http:\/\/www.montessorivalparaiso.org\/wawauta\/?p=1855"},"modified":"2020-07-29T11:20:49","modified_gmt":"2020-07-29T14:20:49","slug":"la-pausa-invernal","status":"publish","type":"post","link":"https:\/\/www.montessorivalparaiso.org\/wawauta\/la-pausa-invernal\/","title":{"rendered":"La pausa invernal"},"content":{"rendered":"\n<p>Ya han pasado 20 semanas de un obligatorio distanciamiento. Cada dia ha sido un desaf\u00edo para nuestra comunidad. Especialmente para nuestras ni\u00f1as y ni\u00f1os que han enfrentado nuevas formas de trabajo escolar y de relaci\u00f3n con sus pares.<\/p>\n\n\n\n<p>Es necesario tomarse una merecida pausa para descansar, reflexionar o simplemente contemplar. <\/p>\n\n\n\n<p>En este tiempo la naturaleza ha ido tomando lugar en cada rinc\u00f3n de nuestro patio. Las hojas de n\u00edspero han formado una nutritiva e in\u00e9dita capa para el nacimiento de paque\u00f1as plantas. Los brotes en el ciruelo, la higuera y la parra, nos avisan de los cambios que vienen. Las \u00faltimas y generosas lluvias han aportado a esta renovaci\u00f3n natural.<\/p>\n\n\n\n<p>Esperamos que este tiempo de descanso lo disfuten para volver con energ\u00eda a la segunda parte del a\u00f1o.<\/p>\n\n\n\n<p><\/p>\n\n\n\n<figure class=\"wp-block-gallery columns-3 is-cropped wp-block-gallery-1 is-layout-flex wp-block-gallery-is-layout-flex\"><ul class=\"blocks-gallery-grid\"><li class=\"blocks-gallery-item\"><figure><img loading=\"lazy\" decoding=\"async\" width=\"800\" height=\"600\" src=\"https:\/\/www.montessorivalparaiso.org\/wawauta\/wp-content\/uploads\/2020\/07\/Post_28_7e.jpg\" alt=\"\" data-id=\"1857\" data-full-url=\"https:\/\/www.montessorivalparaiso.org\/wawauta\/wp-content\/uploads\/2020\/07\/Post_28_7e.jpg\" data-link=\"https:\/\/www.montessorivalparaiso.org\/wawauta\/?attachment_id=1857\" class=\"wp-image-1857\" srcset=\"https:\/\/www.montessorivalparaiso.org\/wawauta\/wp-content\/uploads\/2020\/07\/Post_28_7e.jpg 800w, https:\/\/www.montessorivalparaiso.org\/wawauta\/wp-content\/uploads\/2020\/07\/Post_28_7e-300x225.jpg 300w, https:\/\/www.montessorivalparaiso.org\/wawauta\/wp-content\/uploads\/2020\/07\/Post_28_7e-768x576.jpg 768w, https:\/\/www.montessorivalparaiso.org\/wawauta\/wp-content\/uploads\/2020\/07\/Post_28_7e-150x113.jpg 150w\" sizes=\"auto, (max-width: 800px) 100vw, 800px\" \/><\/figure><\/li><li class=\"blocks-gallery-item\"><figure><img loading=\"lazy\" decoding=\"async\" width=\"800\" height=\"600\" src=\"https:\/\/www.montessorivalparaiso.org\/wawauta\/wp-content\/uploads\/2020\/07\/Post_28_7d.jpg\" alt=\"\" data-id=\"1858\" data-full-url=\"https:\/\/www.montessorivalparaiso.org\/wawauta\/wp-content\/uploads\/2020\/07\/Post_28_7d.jpg\" data-link=\"https:\/\/www.montessorivalparaiso.org\/wawauta\/?attachment_id=1858\" class=\"wp-image-1858\" srcset=\"https:\/\/www.montessorivalparaiso.org\/wawauta\/wp-content\/uploads\/2020\/07\/Post_28_7d.jpg 800w, https:\/\/www.montessorivalparaiso.org\/wawauta\/wp-content\/uploads\/2020\/07\/Post_28_7d-300x225.jpg 300w, https:\/\/www.montessorivalparaiso.org\/wawauta\/wp-content\/uploads\/2020\/07\/Post_28_7d-768x576.jpg 768w, https:\/\/www.montessorivalparaiso.org\/wawauta\/wp-content\/uploads\/2020\/07\/Post_28_7d-150x113.jpg 150w\" sizes=\"auto, (max-width: 800px) 100vw, 800px\" \/><\/figure><\/li><li class=\"blocks-gallery-item\"><figure><img loading=\"lazy\" decoding=\"async\" width=\"800\" height=\"600\" src=\"https:\/\/www.montessorivalparaiso.org\/wawauta\/wp-content\/uploads\/2020\/07\/Post_28_7c.jpg\" alt=\"\" data-id=\"1859\" data-full-url=\"https:\/\/www.montessorivalparaiso.org\/wawauta\/wp-content\/uploads\/2020\/07\/Post_28_7c.jpg\" data-link=\"https:\/\/www.montessorivalparaiso.org\/wawauta\/?attachment_id=1859\" class=\"wp-image-1859\" srcset=\"https:\/\/www.montessorivalparaiso.org\/wawauta\/wp-content\/uploads\/2020\/07\/Post_28_7c.jpg 800w, https:\/\/www.montessorivalparaiso.org\/wawauta\/wp-content\/uploads\/2020\/07\/Post_28_7c-300x225.jpg 300w, https:\/\/www.montessorivalparaiso.org\/wawauta\/wp-content\/uploads\/2020\/07\/Post_28_7c-768x576.jpg 768w, https:\/\/www.montessorivalparaiso.org\/wawauta\/wp-content\/uploads\/2020\/07\/Post_28_7c-150x113.jpg 150w\" sizes=\"auto, (max-width: 800px) 100vw, 800px\" \/><\/figure><\/li><li class=\"blocks-gallery-item\"><figure><img loading=\"lazy\" decoding=\"async\" width=\"800\" height=\"600\" src=\"https:\/\/www.montessorivalparaiso.org\/wawauta\/wp-content\/uploads\/2020\/07\/Post_28_7b.jpg\" alt=\"\" data-id=\"1860\" data-full-url=\"https:\/\/www.montessorivalparaiso.org\/wawauta\/wp-content\/uploads\/2020\/07\/Post_28_7b.jpg\" data-link=\"https:\/\/www.montessorivalparaiso.org\/wawauta\/?attachment_id=1860\" class=\"wp-image-1860\" srcset=\"https:\/\/www.montessorivalparaiso.org\/wawauta\/wp-content\/uploads\/2020\/07\/Post_28_7b.jpg 800w, https:\/\/www.montessorivalparaiso.org\/wawauta\/wp-content\/uploads\/2020\/07\/Post_28_7b-300x225.jpg 300w, https:\/\/www.montessorivalparaiso.org\/wawauta\/wp-content\/uploads\/2020\/07\/Post_28_7b-768x576.jpg 768w, https:\/\/www.montessorivalparaiso.org\/wawauta\/wp-content\/uploads\/2020\/07\/Post_28_7b-150x113.jpg 150w\" sizes=\"auto, (max-width: 800px) 100vw, 800px\" \/><\/figure><\/li><\/ul><\/figure>\n","protected":false},"excerpt":{"rendered":"<p>Ya han pasado 20 semanas de un obligatorio distanciamiento. Cada dia ha sido un desaf\u00edo para nuestra comunidad. Especialmente para nuestras ni\u00f1as y ni\u00f1os que han enfrentado nuevas formas de trabajo escolar y de relaci\u00f3n con sus pares. Es necesario tomarse una merecida pausa para&nbsp;<a href=\"https:\/\/www.montessorivalparaiso.org\/wawauta\/la-pausa-invernal\/\">&hellip;<\/a><\/p>\n","protected":false},"author":2,"featured_media":1856,"comment_status":"closed","ping_status":"closed","sticky":false,"template":"","format":"standard","meta":{"footnotes":""},"categories":[1],"tags":[37,41,39,42,22],"class_list":["post-1855","post","type-post","status-publish","format-standard","has-post-thumbnail","hentry","category-general","tag-covid19","tag-cuarentena","tag-montessori-en-casa","tag-pausa","tag-vacaciones","odd"],"_links":{"self":[{"href":"https:\/\/www.montessorivalparaiso.org\/wawauta\/wp-json\/wp\/v2\/posts\/1855","targetHints":{"allow":["GET"]}}],"collection":[{"href":"https:\/\/www.montessorivalparaiso.org\/wawauta\/wp-json\/wp\/v2\/posts"}],"about":[{"href":"https:\/\/www.montessorivalparaiso.org\/wawauta\/wp-json\/wp\/v2\/types\/post"}],"author":[{"embeddable":true,"href":"https:\/\/www.montessorivalparaiso.org\/wawauta\/wp-json\/wp\/v2\/users\/2"}],"replies":[{"embeddable":true,"href":"https:\/\/www.montessorivalparaiso.org\/wawauta\/wp-json\/wp\/v2\/comments?post=1855"}],"version-history":[{"count":0,"href":"https:\/\/www.montessorivalparaiso.org\/wawauta\/wp-json\/wp\/v2\/posts\/1855\/revisions"}],"wp:featuredmedia":[{"embeddable":true,"href":"https:\/\/www.montessorivalparaiso.org\/wawauta\/wp-json\/wp\/v2\/media\/1856"}],"wp:attachment":[{"href":"https:\/\/www.montessorivalparaiso.org\/wawauta\/wp-json\/wp\/v2\/media?parent=1855"}],"wp:term":[{"taxonomy":"category","embeddable":true,"href":"https:\/\/www.montessorivalparaiso.org\/wawauta\/wp-json\/wp\/v2\/categories?post=1855"},{"taxonomy":"post_tag","embeddable":true,"href":"https:\/\/www.montessorivalparaiso.org\/wawauta\/wp-json\/wp\/v2\/tags?post=1855"}],"curies":[{"name":"wp","href":"https:\/\/api.w.org\/{rel}","templated":true}]}}