{"id":1588,"date":"2018-08-29T17:33:06","date_gmt":"2018-08-29T17:33:06","guid":{"rendered":"http:\/\/www.montessorivalparaiso.org\/wawauta\/?p=1588"},"modified":"2018-08-29T17:37:35","modified_gmt":"2018-08-29T17:37:35","slug":"celebrado-a-la-dra-montessori","status":"publish","type":"post","link":"https:\/\/www.montessorivalparaiso.org\/wawauta\/celebrado-a-la-dra-montessori\/","title":{"rendered":"Celebrado a la Dra. Montessori"},"content":{"rendered":"<p>Este a\u00f1o hemos querido recordar los 148 a\u00f1os del nacimiento de la Dra. Mar\u00eda Montessori \u00a0(31 de agosto de 1870) invitando a nuestros salones a las familias de nuestros estudiantes para explorar y conocer los materiales de trabajo que utilizamos a diario. \u00a0Con presentaciones realizadas por sus propi@s hij@s podemos observar como la curiosidad y el amor por el aprendizaje de cada ni\u00f1@, se refleja en los rostros de sus padres y madres al ver la dedicaci\u00f3n puesta en cada presentaci\u00f3n.<\/p>\n<p>Qu\u00e9 mejor regalo para la Dra. Montessori en su celebraci\u00f3n!!<\/p>\n<p><a href=\"https:\/\/www.montessorivalparaiso.org\/wawauta\/wp-content\/uploads\/2018\/08\/EMV_MM_18_a.jpg\"><img loading=\"lazy\" decoding=\"async\" class=\"alignnone size-large wp-image-1590\" src=\"https:\/\/www.montessorivalparaiso.org\/wawauta\/wp-content\/uploads\/2018\/08\/EMV_MM_18_a-800x600.jpg\" alt=\"\" width=\"800\" height=\"600\" srcset=\"https:\/\/www.montessorivalparaiso.org\/wawauta\/wp-content\/uploads\/2018\/08\/EMV_MM_18_a.jpg 800w, https:\/\/www.montessorivalparaiso.org\/wawauta\/wp-content\/uploads\/2018\/08\/EMV_MM_18_a-300x225.jpg 300w\" sizes=\"auto, (max-width: 800px) 100vw, 800px\" \/><\/a><\/p>\n","protected":false},"excerpt":{"rendered":"<p>Este a\u00f1o hemos querido recordar los 148 a\u00f1os del nacimiento de la Dra. Mar\u00eda Montessori \u00a0(31 de agosto de 1870) invitando a nuestros salones a las familias de nuestros estudiantes para explorar y conocer los materiales de trabajo que utilizamos a diario. \u00a0Con presentaciones realizadas&nbsp;<a href=\"https:\/\/www.montessorivalparaiso.org\/wawauta\/celebrado-a-la-dra-montessori\/\">&hellip;<\/a><\/p>\n","protected":false},"author":2,"featured_media":1589,"comment_status":"closed","ping_status":"closed","sticky":false,"template":"","format":"standard","meta":{"footnotes":""},"categories":[1],"tags":[],"class_list":["post-1588","post","type-post","status-publish","format-standard","has-post-thumbnail","hentry","category-general","odd"],"_links":{"self":[{"href":"https:\/\/www.montessorivalparaiso.org\/wawauta\/wp-json\/wp\/v2\/posts\/1588","targetHints":{"allow":["GET"]}}],"collection":[{"href":"https:\/\/www.montessorivalparaiso.org\/wawauta\/wp-json\/wp\/v2\/posts"}],"about":[{"href":"https:\/\/www.montessorivalparaiso.org\/wawauta\/wp-json\/wp\/v2\/types\/post"}],"author":[{"embeddable":true,"href":"https:\/\/www.montessorivalparaiso.org\/wawauta\/wp-json\/wp\/v2\/users\/2"}],"replies":[{"embeddable":true,"href":"https:\/\/www.montessorivalparaiso.org\/wawauta\/wp-json\/wp\/v2\/comments?post=1588"}],"version-history":[{"count":0,"href":"https:\/\/www.montessorivalparaiso.org\/wawauta\/wp-json\/wp\/v2\/posts\/1588\/revisions"}],"wp:featuredmedia":[{"embeddable":true,"href":"https:\/\/www.montessorivalparaiso.org\/wawauta\/wp-json\/wp\/v2\/media\/1589"}],"wp:attachment":[{"href":"https:\/\/www.montessorivalparaiso.org\/wawauta\/wp-json\/wp\/v2\/media?parent=1588"}],"wp:term":[{"taxonomy":"category","embeddable":true,"href":"https:\/\/www.montessorivalparaiso.org\/wawauta\/wp-json\/wp\/v2\/categories?post=1588"},{"taxonomy":"post_tag","embeddable":true,"href":"https:\/\/www.montessorivalparaiso.org\/wawauta\/wp-json\/wp\/v2\/tags?post=1588"}],"curies":[{"name":"wp","href":"https:\/\/api.w.org\/{rel}","templated":true}]}}